{"id":12287,"date":"2023-07-18T20:31:43","date_gmt":"2023-07-18T17:31:43","guid":{"rendered":"https:\/\/www.sar-el.org\/why-i-joined-the-idf-at-65\/"},"modified":"2025-09-20T09:17:04","modified_gmt":"2025-09-20T06:17:04","slug":"why-i-joined-the-idf-at-65","status":"publish","type":"post","link":"https:\/\/www.sar-el.org\/es\/why-i-joined-the-idf-at-65\/","title":{"rendered":"\u00bfPor qu\u00e9 me un\u00ed a las Fuerzas de Defensa de Israel a los 65 a\u00f1os?"},"content":{"rendered":"\t\t<div data-elementor-type=\"wp-post\" data-elementor-id=\"12287\" class=\"elementor elementor-12287 elementor-6357\">\n\t\t\t\t\t\t<div class=\"elementor-inner\">\n\t\t\t\t<div class=\"elementor-section-wrap\">\n\t\t\t\t\t\t\t\t\t<section class=\"elementor-section elementor-top-section elementor-element elementor-element-12738649 elementor-section-boxed elementor-section-height-default elementor-section-height-default\" data-id=\"12738649\" data-element_type=\"section\">\n\t\t\t\t\t\t<div class=\"elementor-container elementor-column-gap-default\">\n\t\t\t\t\t\t\t<div class=\"elementor-row\">\n\t\t\t\t\t<div class=\"elementor-column elementor-col-100 elementor-top-column elementor-element elementor-element-6ce509bf\" data-id=\"6ce509bf\" data-element_type=\"column\">\n\t\t\t<div class=\"elementor-column-wrap elementor-element-populated\">\n\t\t\t\t\t\t\t<div class=\"elementor-widget-wrap\">\n\t\t\t\t\t\t<div class=\"elementor-element elementor-element-64b79a05 elementor-widget elementor-widget-text-editor\" data-id=\"64b79a05\" data-element_type=\"widget\" data-widget_type=\"text-editor.default\">\n\t\t\t\t<div class=\"elementor-widget-container\">\n\t\t\t\t\t\t\t\t<div class=\"elementor-text-editor elementor-clearfix\">\n\t\t\t\t<div id=\"content\">\n<div id=\"post-10784\" class=\"post-10784 post type-post status-publish format-standard hentry category-news\">\n<div class=\"entry\">\n<p>Michelle Huberman se uni\u00f3 a un programa de voluntariado de las FDI mucho m\u00e1s tarde que el olah promedio.<\/p>\n<p><a href=\"https:\/\/www.thejc.com\/life-and-culture\/all\/i-dreamed-of-joining-the-idf-growing-up-and-finally-donned-the-uniform-aged-65-6W0FcLp2w1s7a2mVvUZjuJ?fbclid=IwAR2NieNpynL9d-0VA5GuGlRKY7UqqBHKurMq80YwaSxr2fJAzKb6OuqvlyQ\" target=\"_blank\" rel=\"noopener\"><strong>Haga clic aqu\u00ed para leer el art\u00edculo en The Jewish Chronicle<\/strong><\/a><\/p>\n<\/div>\n<\/div>\n<\/div>\t\t\t\t\t<\/div>\n\t\t\t\t\t\t<\/div>\n\t\t\t\t<\/div>\n\t\t\t\t\t\t<\/div>\n\t\t\t\t\t<\/div>\n\t\t<\/div>\n\t\t\t\t\t\t\t\t<\/div>\n\t\t\t\t\t<\/div>\n\t\t<\/section>\n\t\t\t\t<section class=\"elementor-section elementor-top-section elementor-element elementor-element-90849b5 elementor-section-boxed elementor-section-height-default elementor-section-height-default\" data-id=\"90849b5\" data-element_type=\"section\">\n\t\t\t\t\t\t<div class=\"elementor-container elementor-column-gap-default\">\n\t\t\t\t\t\t\t<div class=\"elementor-row\">\n\t\t\t\t\t<div class=\"elementor-column elementor-col-33 elementor-top-column elementor-element elementor-element-5ac565b\" data-id=\"5ac565b\" data-element_type=\"column\">\n\t\t\t<div class=\"elementor-column-wrap\">\n\t\t\t\t\t\t\t<div class=\"elementor-widget-wrap\">\n\t\t\t\t\t\t\t\t<\/div>\n\t\t\t\t\t<\/div>\n\t\t<\/div>\n\t\t\t\t<div class=\"elementor-column elementor-col-33 elementor-top-column elementor-element elementor-element-13008c4\" data-id=\"13008c4\" data-element_type=\"column\">\n\t\t\t<div class=\"elementor-column-wrap elementor-element-populated\">\n\t\t\t\t\t\t\t<div class=\"elementor-widget-wrap\">\n\t\t\t\t\t\t<div class=\"elementor-element elementor-element-1a82786 elementor-widget elementor-widget-image\" data-id=\"1a82786\" data-element_type=\"widget\" data-widget_type=\"image.default\">\n\t\t\t\t<div class=\"elementor-widget-container\">\n\t\t\t\t\t\t\t\t<div class=\"elementor-image\">\n\t\t\t\t\t\t\t\t\t\t\t\t<img loading=\"lazy\" decoding=\"async\" width=\"1024\" height=\"576\" src=\"https:\/\/www.sar-el.org\/wp-content\/uploads\/2023\/07\/JC-2-1024x576.jpg\" class=\"attachment-large size-large wp-image-12257\" alt=\"\" srcset=\"https:\/\/www.sar-el.org\/wp-content\/uploads\/2023\/07\/JC-2-1024x576.jpg 1024w, https:\/\/www.sar-el.org\/wp-content\/uploads\/2023\/07\/JC-2-300x169.jpg 300w, https:\/\/www.sar-el.org\/wp-content\/uploads\/2023\/07\/JC-2-768x432.jpg 768w, https:\/\/www.sar-el.org\/wp-content\/uploads\/2023\/07\/JC-2-e1689702849666.jpg 800w\" sizes=\"auto, (max-width: 1024px) 100vw, 1024px\" \/>\t\t\t\t\t\t\t\t\t\t\t\t\t\t<\/div>\n\t\t\t\t\t\t<\/div>\n\t\t\t\t<\/div>\n\t\t\t\t<div class=\"elementor-element elementor-element-9edea1d elementor-widget elementor-widget-text-editor\" data-id=\"9edea1d\" data-element_type=\"widget\" data-widget_type=\"text-editor.default\">\n\t\t\t\t<div class=\"elementor-widget-container\">\n\t\t\t\t\t\t\t\t<div class=\"elementor-text-editor elementor-clearfix\">\n\t\t\t\t<p style=\"text-align: center;\">MIchelle, second left, with fellow recruits (Photo: Handout)<\/p>\t\t\t\t\t<\/div>\n\t\t\t\t\t\t<\/div>\n\t\t\t\t<\/div>\n\t\t\t\t\t\t<\/div>\n\t\t\t\t\t<\/div>\n\t\t<\/div>\n\t\t\t\t<div class=\"elementor-column elementor-col-33 elementor-top-column elementor-element elementor-element-3bdccf9\" data-id=\"3bdccf9\" data-element_type=\"column\">\n\t\t\t<div class=\"elementor-column-wrap\">\n\t\t\t\t\t\t\t<div class=\"elementor-widget-wrap\">\n\t\t\t\t\t\t\t\t<\/div>\n\t\t\t\t\t<\/div>\n\t\t<\/div>\n\t\t\t\t\t\t\t\t<\/div>\n\t\t\t\t\t<\/div>\n\t\t<\/section>\n\t\t\t\t\t\t\t\t\t<\/div>\n\t\t\t<\/div>\n\t\t\t\t\t<\/div>\n\t\t","protected":false},"excerpt":{"rendered":"<p>Michelle Huberman joined an IDF volunteer programme much later than the average olah<\/p>\n","protected":false},"author":2,"featured_media":12288,"comment_status":"closed","ping_status":"closed","sticky":false,"template":"","format":"standard","meta":{"footnotes":""},"categories":[37],"tags":[],"class_list":["post-12287","post","type-post","status-publish","format-standard","has-post-thumbnail","hentry","category-articulos"],"yoast_head":"<!-- This site is optimized with the Yoast SEO plugin v15.9 - https:\/\/yoast.com\/wordpress\/plugins\/seo\/ -->\n<title>\u00bfPor qu\u00e9 me un\u00ed a las Fuerzas de Defensa de Israel a los 65 a\u00f1os? - SAR-EL - Volunteers for Israel<\/title>\n<meta name=\"description\" content=\"Michelle Huberman joined an IDF volunteer programme much later than the average olah\" \/>\n<meta name=\"robots\" content=\"index, follow, max-snippet:-1, max-image-preview:large, max-video-preview:-1\" \/>\n<link rel=\"canonical\" href=\"https:\/\/www.sar-el.org\/es\/why-i-joined-the-idf-at-65\/\" \/>\n<meta property=\"og:locale\" content=\"es_ES\" \/>\n<meta property=\"og:type\" content=\"article\" \/>\n<meta property=\"og:title\" content=\"\u00bfPor qu\u00e9 me un\u00ed a las Fuerzas de Defensa de Israel a los 65 a\u00f1os? - SAR-EL - Volunteers for Israel\" \/>\n<meta property=\"og:description\" content=\"Michelle Huberman joined an IDF volunteer programme much later than the average olah\" \/>\n<meta property=\"og:url\" content=\"https:\/\/www.sar-el.org\/es\/why-i-joined-the-idf-at-65\/\" \/>\n<meta property=\"og:site_name\" content=\"SAR-EL - Volunteers for Israel\" \/>\n<meta property=\"article:published_time\" content=\"2023-07-18T17:31:43+00:00\" \/>\n<meta property=\"article:modified_time\" content=\"2025-09-20T06:17:04+00:00\" \/>\n<meta property=\"og:image\" content=\"https:\/\/www.sar-el.org\/wp-content\/uploads\/2023\/07\/JC-1.jpg\" \/>\n\t<meta property=\"og:image:width\" content=\"379\" \/>\n\t<meta property=\"og:image:height\" content=\"221\" \/>\n<meta name=\"twitter:card\" content=\"summary_large_image\" \/>\n<meta name=\"twitter:label1\" content=\"Tiempo de lectura\">\n\t<meta name=\"twitter:data1\" content=\"1 minuto\">\n<script type=\"application\/ld+json\" class=\"yoast-schema-graph\">{\"@context\":\"https:\/\/schema.org\",\"@graph\":[{\"@type\":\"WebSite\",\"@id\":\"https:\/\/www.sar-el.org\/es\/#website\",\"url\":\"https:\/\/www.sar-el.org\/es\/\",\"name\":\"SAR-EL - Volunteers for Israel\",\"description\":\"The National Project for Volunteers for Israel\",\"potentialAction\":[{\"@type\":\"SearchAction\",\"target\":\"https:\/\/www.sar-el.org\/es\/?s={search_term_string}\",\"query-input\":\"required name=search_term_string\"}],\"inLanguage\":\"es\"},{\"@type\":\"ImageObject\",\"@id\":\"https:\/\/www.sar-el.org\/es\/why-i-joined-the-idf-at-65\/#primaryimage\",\"inLanguage\":\"es\",\"url\":\"https:\/\/www.sar-el.org\/wp-content\/uploads\/2023\/07\/JC-1.jpg\",\"width\":379,\"height\":221},{\"@type\":\"WebPage\",\"@id\":\"https:\/\/www.sar-el.org\/es\/why-i-joined-the-idf-at-65\/#webpage\",\"url\":\"https:\/\/www.sar-el.org\/es\/why-i-joined-the-idf-at-65\/\",\"name\":\"\\u00bfPor qu\\u00e9 me un\\u00ed a las Fuerzas de Defensa de Israel a los 65 a\\u00f1os? - SAR-EL - Volunteers for Israel\",\"isPartOf\":{\"@id\":\"https:\/\/www.sar-el.org\/es\/#website\"},\"primaryImageOfPage\":{\"@id\":\"https:\/\/www.sar-el.org\/es\/why-i-joined-the-idf-at-65\/#primaryimage\"},\"datePublished\":\"2023-07-18T17:31:43+00:00\",\"dateModified\":\"2025-09-20T06:17:04+00:00\",\"author\":{\"@id\":\"https:\/\/www.sar-el.org\/es\/#\/schema\/person\/407d333c2c3691fb45f4bf28e17dbe9c\"},\"description\":\"Michelle Huberman joined an IDF volunteer programme much later than the average olah\",\"breadcrumb\":{\"@id\":\"https:\/\/www.sar-el.org\/es\/why-i-joined-the-idf-at-65\/#breadcrumb\"},\"inLanguage\":\"es\",\"potentialAction\":[{\"@type\":\"ReadAction\",\"target\":[\"https:\/\/www.sar-el.org\/es\/why-i-joined-the-idf-at-65\/\"]}]},{\"@type\":\"BreadcrumbList\",\"@id\":\"https:\/\/www.sar-el.org\/es\/why-i-joined-the-idf-at-65\/#breadcrumb\",\"itemListElement\":[{\"@type\":\"ListItem\",\"position\":1,\"item\":{\"@type\":\"WebPage\",\"@id\":\"https:\/\/www.sar-el.org\/es\/\",\"url\":\"https:\/\/www.sar-el.org\/es\/\",\"name\":\"Home\"}},{\"@type\":\"ListItem\",\"position\":2,\"item\":{\"@type\":\"WebPage\",\"@id\":\"https:\/\/www.sar-el.org\/es\/why-i-joined-the-idf-at-65\/\",\"url\":\"https:\/\/www.sar-el.org\/es\/why-i-joined-the-idf-at-65\/\",\"name\":\"\\u00bfPor qu\\u00e9 me un\\u00ed a las Fuerzas de Defensa de Israel a los 65 a\\u00f1os?\"}}]},{\"@type\":\"Person\",\"@id\":\"https:\/\/www.sar-el.org\/es\/#\/schema\/person\/407d333c2c3691fb45f4bf28e17dbe9c\",\"name\":\"zaf\",\"image\":{\"@type\":\"ImageObject\",\"@id\":\"https:\/\/www.sar-el.org\/es\/#personlogo\",\"inLanguage\":\"es\",\"url\":\"https:\/\/secure.gravatar.com\/avatar\/d8b4dd635e5231c121d448356cf7e01daf868ae7e5a563055fde5f9723e2d075?s=96&d=mm&r=g\",\"caption\":\"zaf\"}}]}<\/script>\n<!-- \/ Yoast SEO plugin. -->","_links":{"self":[{"href":"https:\/\/www.sar-el.org\/es\/wp-json\/wp\/v2\/posts\/12287","targetHints":{"allow":["GET"]}}],"collection":[{"href":"https:\/\/www.sar-el.org\/es\/wp-json\/wp\/v2\/posts"}],"about":[{"href":"https:\/\/www.sar-el.org\/es\/wp-json\/wp\/v2\/types\/post"}],"author":[{"embeddable":true,"href":"https:\/\/www.sar-el.org\/es\/wp-json\/wp\/v2\/users\/2"}],"replies":[{"embeddable":true,"href":"https:\/\/www.sar-el.org\/es\/wp-json\/wp\/v2\/comments?post=12287"}],"version-history":[{"count":5,"href":"https:\/\/www.sar-el.org\/es\/wp-json\/wp\/v2\/posts\/12287\/revisions"}],"predecessor-version":[{"id":12293,"href":"https:\/\/www.sar-el.org\/es\/wp-json\/wp\/v2\/posts\/12287\/revisions\/12293"}],"wp:featuredmedia":[{"embeddable":true,"href":"https:\/\/www.sar-el.org\/es\/wp-json\/wp\/v2\/media\/12288"}],"wp:attachment":[{"href":"https:\/\/www.sar-el.org\/es\/wp-json\/wp\/v2\/media?parent=12287"}],"wp:term":[{"taxonomy":"category","embeddable":true,"href":"https:\/\/www.sar-el.org\/es\/wp-json\/wp\/v2\/categories?post=12287"},{"taxonomy":"post_tag","embeddable":true,"href":"https:\/\/www.sar-el.org\/es\/wp-json\/wp\/v2\/tags?post=12287"}],"curies":[{"name":"wp","href":"https:\/\/api.w.org\/{rel}","templated":true}]}}